{"id":773,"date":"2026-04-15T15:53:35","date_gmt":"2026-04-15T15:53:35","guid":{"rendered":"https:\/\/ambconakry.esteri.it\/?p=773"},"modified":"2026-04-15T15:54:10","modified_gmt":"2026-04-15T15:54:10","slug":"guinea-forestale-agricoltura-giovani-e-futuro-missione-aics-30-marzo-3-aprile-2026","status":"publish","type":"post","link":"https:\/\/ambconakry.esteri.it\/it\/news\/dall_ambasciata\/2026\/04\/guinea-forestale-agricoltura-giovani-e-futuro-missione-aics-30-marzo-3-aprile-2026\/","title":{"rendered":"Guinea forestale: agricoltura, giovani e futuro. Missione AICS (30 marzo-3 aprile 2026)"},"content":{"rendered":"<p>Dal 30 marzo al 3 aprile 2026, il coordinatore Guinea dell\u2019AICS ha svolto una missione sul campo in Guinea forestale, tra Nz\u00e9r\u00e9kor\u00e9, Macenta e Seredou, con l\u2019obiettivo di rafforzare il dialogo operativo con i partner e verificare l\u2019avanzamento delle iniziative sostenute dall\u2019Italia.<\/p>\n<p>La missione si \u00e8 caratterizzata per un\u2019intensa attivit\u00e0 di incontri, visite e momenti di confronto diretto con attori locali, istituzioni e beneficiari.<\/p>\n<p>Particolare attenzione \u00e8 stata dedicata alle filiere agricole. Presso i produttori di cacao coinvolti nei programmi realizzati insieme all\u2019Alliance Bioversity &amp; CIAT, la visita ha consentito di approfondire le principali sfide produttive e di mercato, ma anche di valorizzare i progressi compiuti, anche attraverso il riscontro internazionale sulla qualit\u00e0 del prodotto.<\/p>\n<p>A Macenta, il coordinatore ha partecipato all\u2019atelier \u201cCultiver l\u2019avenir\u201d, promosso dall\u2019OIM, dedicato all\u2019occupazione giovanile e al ruolo dell\u2019agricoltura sostenibile come alternativa concreta alla migrazione irregolare. Il confronto con giovani, istituzioni e partner ha evidenziato il forte potenziale del settore, a condizione di rafforzare investimenti, formazione e accompagnamento.<\/p>\n<p>Nel corso della missione \u00e8 stato inoltre visitato il centro di Macenta Beans, esempio concreto di integrazione tra produzione, trasformazione e valorizzazione locale del caff\u00e8, basato su modelli agroforestali innovativi.<\/p>\n<p>La missione ha incluso anche incontri con il mondo della ricerca, in particolare con l\u2019IRAG, sia a Nz\u00e9r\u00e9kor\u00e9 che presso il centro regionale di Seredou, confermando il ruolo centrale della ricerca agronomica nel sostenere lo sviluppo delle filiere agricole.<\/p>\n<p>Infine, una tappa significativa \u00e8 stata la visita al centro medico di Macenta (Centre Hospitalier R\u00e9gional Sp\u00e9cialis\u00e9 \u2013 CHRS), dove \u00e8 in corso la realizzazione di un laboratorio di biologia molecolare sostenuto dall\u2019Italia attraverso il programma DREAM implementato dall\u2019Universit\u00e0 Tor Vergata e dalla Comunit\u00e0 di Sant\u2019Egidio, a testimonianza dell\u2019approccio integrato che collega sviluppo economico e rafforzamento dei servizi essenziali.<\/p>\n<p>In questo quadro, l\u2019Italia, attraverso l\u2019AICS, si conferma un partner attivo e riconosciuto nel Paese, capace di valorizzare competenze tecniche, partenariati scientifici e coinvolgimento del settore privato. L\u2019azione si inserisce pienamente nella dinamica Team Europe, contribuendo alla costruzione di iniziative coordinate con l\u2019Unione europea, in particolare sulle filiere agricole strategiche come cacao e caff\u00e8, e rafforzando un approccio condiviso che mette al centro sviluppo sostenibile, occupazione e stabilit\u00e0 territoriale.<\/p>\n<p>La missione conferma il potenziale strategico della Guinea forestale e l\u2019importanza di un approccio integrato, capace di mettere in relazione agricoltura, ricerca, giovani e territori, valorizzando il lavoro sul campo e il partenariato con gli attori locali.<\/p>\n<p>Fonte: Sito Web AICS Dakar <a href=\"https:\/\/dakar.aics.gov.it\/news\/guinea-forestale-agricoltura-giovani-e-futuro\/\">Guinea forestale: agricoltura, giovani e futuro \u2013 Dakar<\/a><\/p>\n<p>Foto: Lucas Chandellier\/OIM<\/p>\n<p><img loading=\"lazy\" decoding=\"async\" class=\"alignnone size-medium wp-image-775 img-fluid\" src=\"https:\/\/ambconakry.esteri.it\/wp-content\/uploads\/2026\/04\/5L8A8591-200x300.jpg\" alt=\"\" width=\"200\" height=\"300\" srcset=\"https:\/\/ambconakry.esteri.it\/wp-content\/uploads\/2026\/04\/5L8A8591-200x300.jpg 200w, https:\/\/ambconakry.esteri.it\/wp-content\/uploads\/2026\/04\/5L8A8591-683x1024.jpg 683w, https:\/\/ambconakry.esteri.it\/wp-content\/uploads\/2026\/04\/5L8A8591-768x1152.jpg 768w, https:\/\/ambconakry.esteri.it\/wp-content\/uploads\/2026\/04\/5L8A8591.jpg 1365w\" sizes=\"auto, (max-width: 200px) 100vw, 200px\" \/> <img loading=\"lazy\" decoding=\"async\" class=\"alignnone size-medium wp-image-778 img-fluid\" src=\"https:\/\/ambconakry.esteri.it\/wp-content\/uploads\/2026\/04\/5L8A9424-300x200.jpg\" alt=\"\" width=\"300\" height=\"200\" srcset=\"https:\/\/ambconakry.esteri.it\/wp-content\/uploads\/2026\/04\/5L8A9424-300x200.jpg 300w, https:\/\/ambconakry.esteri.it\/wp-content\/uploads\/2026\/04\/5L8A9424-1024x682.jpg 1024w, https:\/\/ambconakry.esteri.it\/wp-content\/uploads\/2026\/04\/5L8A9424-768x512.jpg 768w, https:\/\/ambconakry.esteri.it\/wp-content\/uploads\/2026\/04\/5L8A9424.jpg 1920w\" sizes=\"auto, (max-width: 300px) 100vw, 300px\" \/> <img loading=\"lazy\" decoding=\"async\" class=\"alignnone size-medium wp-image-779 img-fluid\" src=\"https:\/\/ambconakry.esteri.it\/wp-content\/uploads\/2026\/04\/5L8A9499-300x200.jpg\" alt=\"\" width=\"300\" height=\"200\" srcset=\"https:\/\/ambconakry.esteri.it\/wp-content\/uploads\/2026\/04\/5L8A9499-300x200.jpg 300w, https:\/\/ambconakry.esteri.it\/wp-content\/uploads\/2026\/04\/5L8A9499-1024x683.jpg 1024w, https:\/\/ambconakry.esteri.it\/wp-content\/uploads\/2026\/04\/5L8A9499-768x512.jpg 768w, https:\/\/ambconakry.esteri.it\/wp-content\/uploads\/2026\/04\/5L8A9499.jpg 1920w\" sizes=\"auto, (max-width: 300px) 100vw, 300px\" \/> <img loading=\"lazy\" decoding=\"async\" class=\"alignnone size-medium wp-image-782 img-fluid\" src=\"https:\/\/ambconakry.esteri.it\/wp-content\/uploads\/2026\/04\/5L8A9507-300x200.jpg\" alt=\"\" width=\"300\" height=\"200\" srcset=\"https:\/\/ambconakry.esteri.it\/wp-content\/uploads\/2026\/04\/5L8A9507-300x200.jpg 300w, https:\/\/ambconakry.esteri.it\/wp-content\/uploads\/2026\/04\/5L8A9507-1024x683.jpg 1024w, https:\/\/ambconakry.esteri.it\/wp-content\/uploads\/2026\/04\/5L8A9507-768x512.jpg 768w, https:\/\/ambconakry.esteri.it\/wp-content\/uploads\/2026\/04\/5L8A9507.jpg 1920w\" sizes=\"auto, (max-width: 300px) 100vw, 300px\" \/><\/p>\n","protected":false},"excerpt":{"rendered":"Dal 30 marzo al 3 aprile 2026, il coordinatore Guinea dell\u2019AICS ha svolto una missione sul campo in Guinea forestale, tra Nz\u00e9r\u00e9kor\u00e9, Macenta e Seredou, con l\u2019obiettivo di rafforzare il dialogo operativo con i partner e verificare l\u2019avanzamento delle iniziative sostenute dall\u2019Italia. La missione si \u00e8 caratterizzata per un\u2019intensa attivit\u00e0 di incontri, visite e momenti [&hellip;]","protected":false},"author":8,"featured_media":0,"comment_status":"closed","ping_status":"closed","sticky":false,"template":"","format":"standard","meta":{"footnotes":""},"tags":[],"class_list":["post-773","post","type-post","status-publish","format-standard","hentry"],"_links":{"self":[{"href":"https:\/\/ambconakry.esteri.it\/it\/wp-json\/wp\/v2\/posts\/773","targetHints":{"allow":["GET"]}}],"collection":[{"href":"https:\/\/ambconakry.esteri.it\/it\/wp-json\/wp\/v2\/posts"}],"about":[{"href":"https:\/\/ambconakry.esteri.it\/it\/wp-json\/wp\/v2\/types\/post"}],"author":[{"embeddable":true,"href":"https:\/\/ambconakry.esteri.it\/it\/wp-json\/wp\/v2\/users\/8"}],"replies":[{"embeddable":true,"href":"https:\/\/ambconakry.esteri.it\/it\/wp-json\/wp\/v2\/comments?post=773"}],"version-history":[{"count":1,"href":"https:\/\/ambconakry.esteri.it\/it\/wp-json\/wp\/v2\/posts\/773\/revisions"}],"predecessor-version":[{"id":783,"href":"https:\/\/ambconakry.esteri.it\/it\/wp-json\/wp\/v2\/posts\/773\/revisions\/783"}],"wp:attachment":[{"href":"https:\/\/ambconakry.esteri.it\/it\/wp-json\/wp\/v2\/media?parent=773"}],"wp:term":[{"taxonomy":"post_tag","embeddable":true,"href":"https:\/\/ambconakry.esteri.it\/it\/wp-json\/wp\/v2\/tags?post=773"}],"curies":[{"name":"wp","href":"https:\/\/api.w.org\/{rel}","templated":true}]}}